{"id":3944,"date":"2025-05-12T15:35:30","date_gmt":"2025-05-12T15:35:30","guid":{"rendered":"https:\/\/idiomasic.com\/noticias\/?p=3944"},"modified":"2025-05-14T14:54:31","modified_gmt":"2025-05-14T14:54:31","slug":"experiencia-educativa-en-la-granja-escuela-con-el-colegio-sagrada-familia","status":"publish","type":"post","link":"https:\/\/idiomasic.com\/noticias\/experiencia-educativa-en-la-granja-escuela-con-el-colegio-sagrada-familia\/","title":{"rendered":"Experiencia educativa en la Granja Escuela con el Colegio Sagrada Familia"},"content":{"rendered":"\n<p>Del 12 al 14 de mayo de 2025, los alumnos y alumnas de 1\u00ba y 2\u00ba de Primaria del <a href=\"https:\/\/safajj.corazonistas.org\/\">Colegio Sagrada Familia <\/a>est\u00e1n disfrutando de una enriquecedora experiencia en nuestra Granja Escuela en \u00abLa Esgaravita\u00bb (Alcal\u00e1 de Henares).<\/p>\n\n\n\n<p>Durante estos d\u00edas,<strong> el alumnado participa en diversas actividades educativas y l\u00fadicas en un entorno natural<\/strong>, donde tienen la oportunidad de aprender sobre el cuidado de animales, el cultivo de huertos y la vida en el campo. La<strong> actividad se desarrolla en un contexto biling\u00fce<\/strong>, fomentando tanto el aprendizaje del entorno como la pr\u00e1ctica del ingl\u00e9s de forma integrada.<\/p>\n\n\n\n<p>Agradecemos a todo el equipo docente y al personal de la granja su dedicaci\u00f3n y cuidado hacia el alumnado.<\/p>\n\n\n\n<p>A continuaci\u00f3n, iremos compartiendo las galer\u00edas de fotos organizadas por d\u00edas para que las familias puedan seguir de cerca esta vivencia tan especial:<\/p>\n\n\n\n<p><\/p>\n\n\n\n<h3 class=\"has-text-align-center\">GALER\u00cdA DE IM\u00c1GENES DEL D\u00cdA 1<\/h3>\n\n\n\n<div style=\"text-align: center;\">\n  <img src=\"https:\/\/idiomasic.com\/noticias\/wp-content\/uploads\/2025\/05\/1.jpg\" alt=\"D\u00eda 1\" style=\"width: 40%; height: auto;\">\n<\/div>\n\n\n\n<p class=\"has-text-align-center\">Aqu\u00ed est\u00e1 la galer\u00eda de im\u00e1genes del d\u00eda 1:<\/p>\n\n\n\nngg_shortcode_0_placeholder\n\n\n\n<div class=\"wp-container-1 wp-block-buttons\">\n<div class=\"wp-block-button aligncenter\"><a class=\"wp-block-button__link\" href=\"https:\/\/drive.google.com\/drive\/folders\/1sCsMMUNe2OXVcSesfuBKoAPy4Hsa0Ffb?usp=sharing\">Im\u00e1genes en Drive<\/a><\/div>\n<\/div>\n\n\n\n<p><\/p>\n\n\n\n<p><\/p>\n\n\n\n<p><\/p>\n\n\n\n<h3 class=\"has-text-align-center\">GALER\u00cdA DE IM\u00c1GENES DEL D\u00cdA 2<\/h3>\n\n\n\n<div style=\"text-align: center;\">\n  <img src=\"https:\/\/idiomasic.com\/noticias\/wp-content\/uploads\/2025\/05\/2.png\" alt=\"D\u00eda 1\" style=\"width: 40%; height: auto;\">\n<\/div>\n\n\n\n<p class=\"has-text-align-center\">Aqu\u00ed est\u00e1 la galer\u00eda de im\u00e1genes del d\u00eda 2:<\/p>\n\n\n\nngg_shortcode_1_placeholder\n\n\n\n<div class=\"wp-container-2 wp-block-buttons\">\n<div class=\"wp-block-button aligncenter\"><a class=\"wp-block-button__link\" href=\"https:\/\/drive.google.com\/drive\/folders\/1IuFzVmPzbSHw2qI08nXW_nuh52yHMERr\">Im\u00e1genes en Drive<\/a><\/div>\n<\/div>\n\n\n\n<p><\/p>\n\n\n\n<p><\/p>\n\n\n\n<h3 class=\"has-text-align-center\">GALER\u00cdA DE IM\u00c1GENES DEL D\u00cdA 3<\/h3>\n\n\n\n<div style=\"text-align: center;\">\n  <img src=\"https:\/\/idiomasic.com\/noticias\/wp-content\/uploads\/2025\/05\/3.png\" alt=\"D\u00eda 1\" style=\"width: 40%; height: auto;\">\n<\/div>\n\n\n\n<p class=\"has-text-align-center\">Aqu\u00ed est\u00e1 la galer\u00eda de im\u00e1genes del d\u00eda 3:<\/p>\n\n\n\nngg_shortcode_2_placeholder\n\n\n\n<div class=\"wp-container-3 wp-block-buttons\">\n<div class=\"wp-block-button aligncenter\"><a class=\"wp-block-button__link\" href=\"https:\/\/drive.google.com\/drive\/folders\/1q9fXg9CGBnhfGptGK1CRPVx11_Eh73yn\">Enlace de Drive<\/a><\/div>\n<\/div>\n","protected":false},"excerpt":{"rendered":"<p>Del 12 al 14 de mayo de 2025, los alumnos y alumnas de 1\u00ba y 2\u00ba de Primaria del Colegio Sagrada Familia est\u00e1n disfrutando de una enriquecedora experiencia en nuestra Granja Escuela en \u00abLa Esgaravita\u00bb (Alcal\u00e1 de Henares). Durante estos d\u00edas, el alumnado participa en diversas actividades educativas y l\u00fadicas en un entorno natural, donde [&hellip;]<\/p>\n","protected":false},"author":1,"featured_media":3954,"comment_status":"open","ping_status":"open","sticky":false,"template":"","format":"standard","meta":{"ngg_post_thumbnail":0},"categories":[243],"tags":[200],"yoast_head":"<!-- This site is optimized with the Yoast SEO plugin v19.13 - https:\/\/yoast.com\/wordpress\/plugins\/seo\/ -->\n<title>Experiencia educativa en la Granja Escuela con el Colegio Sagrada Familia - | IC Idiomas<\/title>\n<meta name=\"robots\" content=\"index, follow, max-snippet:-1, max-image-preview:large, max-video-preview:-1\" \/>\n<link rel=\"canonical\" href=\"https:\/\/idiomasic.com\/noticias\/experiencia-educativa-en-la-granja-escuela-con-el-colegio-sagrada-familia\/\" \/>\n<meta property=\"og:locale\" content=\"es_ES\" \/>\n<meta property=\"og:type\" content=\"article\" \/>\n<meta property=\"og:title\" content=\"Experiencia educativa en la Granja Escuela con el Colegio Sagrada Familia - | IC Idiomas\" \/>\n<meta property=\"og:description\" content=\"Del 12 al 14 de mayo de 2025, los alumnos y alumnas de 1\u00ba y 2\u00ba de Primaria del Colegio Sagrada Familia est\u00e1n disfrutando de una enriquecedora experiencia en nuestra Granja Escuela en \u00abLa Esgaravita\u00bb (Alcal\u00e1 de Henares). Durante estos d\u00edas, el alumnado participa en diversas actividades educativas y l\u00fadicas en un entorno natural, donde [&hellip;]\" \/>\n<meta property=\"og:url\" content=\"https:\/\/idiomasic.com\/noticias\/experiencia-educativa-en-la-granja-escuela-con-el-colegio-sagrada-familia\/\" \/>\n<meta property=\"og:site_name\" content=\"| IC Idiomas\" \/>\n<meta property=\"article:publisher\" content=\"https:\/\/www.facebook.com\/icidiomas\/\" \/>\n<meta property=\"article:author\" content=\"https:\/\/facebook.com\/icidiomas\" \/>\n<meta property=\"article:published_time\" content=\"2025-05-12T15:35:30+00:00\" \/>\n<meta property=\"article:modified_time\" content=\"2025-05-14T14:54:31+00:00\" \/>\n<meta property=\"og:image\" content=\"https:\/\/idiomasic.com\/noticias\/wp-content\/uploads\/2025\/05\/Design.jpg\" \/>\n\t<meta property=\"og:image:width\" content=\"1280\" \/>\n\t<meta property=\"og:image:height\" content=\"720\" \/>\n\t<meta property=\"og:image:type\" content=\"image\/jpeg\" \/>\n<meta name=\"author\" content=\"IC Idiomas. Tu escuela de idiomas en Madrid\" \/>\n<meta name=\"twitter:card\" content=\"summary_large_image\" \/>\n<meta name=\"twitter:creator\" content=\"@icidiomasmadrid\" \/>\n<meta name=\"twitter:site\" content=\"@ICidiomasMadrid\" \/>\n<meta name=\"twitter:label1\" content=\"Escrito por\" \/>\n\t<meta name=\"twitter:data1\" content=\"IC Idiomas. Tu escuela de idiomas en Madrid\" \/>\n\t<meta name=\"twitter:label2\" content=\"Tiempo de lectura\" \/>\n\t<meta name=\"twitter:data2\" content=\"1 minuto\" \/>\n<script type=\"application\/ld+json\" class=\"yoast-schema-graph\">{\"@context\":\"https:\/\/schema.org\",\"@graph\":[{\"@type\":\"Article\",\"@id\":\"https:\/\/idiomasic.com\/noticias\/experiencia-educativa-en-la-granja-escuela-con-el-colegio-sagrada-familia\/#article\",\"isPartOf\":{\"@id\":\"https:\/\/idiomasic.com\/noticias\/experiencia-educativa-en-la-granja-escuela-con-el-colegio-sagrada-familia\/\"},\"author\":{\"name\":\"IC Idiomas. Tu escuela de idiomas en Madrid\",\"@id\":\"https:\/\/idiomasic.com\/noticias\/#\/schema\/person\/cf59bec660bc41a1ed3fabe0d8ed994a\"},\"headline\":\"Experiencia educativa en la Granja Escuela con el Colegio Sagrada Familia\",\"datePublished\":\"2025-05-12T15:35:30+00:00\",\"dateModified\":\"2025-05-14T14:54:31+00:00\",\"mainEntityOfPage\":{\"@id\":\"https:\/\/idiomasic.com\/noticias\/experiencia-educativa-en-la-granja-escuela-con-el-colegio-sagrada-familia\/\"},\"wordCount\":250,\"commentCount\":0,\"publisher\":{\"@id\":\"https:\/\/idiomasic.com\/noticias\/#organization\"},\"keywords\":[\"Colegio Sagrada Familia\"],\"articleSection\":[\"Granja Escuela\"],\"inLanguage\":\"es\",\"potentialAction\":[{\"@type\":\"CommentAction\",\"name\":\"Comment\",\"target\":[\"https:\/\/idiomasic.com\/noticias\/experiencia-educativa-en-la-granja-escuela-con-el-colegio-sagrada-familia\/#respond\"]}]},{\"@type\":\"WebPage\",\"@id\":\"https:\/\/idiomasic.com\/noticias\/experiencia-educativa-en-la-granja-escuela-con-el-colegio-sagrada-familia\/\",\"url\":\"https:\/\/idiomasic.com\/noticias\/experiencia-educativa-en-la-granja-escuela-con-el-colegio-sagrada-familia\/\",\"name\":\"Experiencia educativa en la Granja Escuela con el Colegio Sagrada Familia - | IC Idiomas\",\"isPartOf\":{\"@id\":\"https:\/\/idiomasic.com\/noticias\/#website\"},\"datePublished\":\"2025-05-12T15:35:30+00:00\",\"dateModified\":\"2025-05-14T14:54:31+00:00\",\"breadcrumb\":{\"@id\":\"https:\/\/idiomasic.com\/noticias\/experiencia-educativa-en-la-granja-escuela-con-el-colegio-sagrada-familia\/#breadcrumb\"},\"inLanguage\":\"es\",\"potentialAction\":[{\"@type\":\"ReadAction\",\"target\":[\"https:\/\/idiomasic.com\/noticias\/experiencia-educativa-en-la-granja-escuela-con-el-colegio-sagrada-familia\/\"]}]},{\"@type\":\"BreadcrumbList\",\"@id\":\"https:\/\/idiomasic.com\/noticias\/experiencia-educativa-en-la-granja-escuela-con-el-colegio-sagrada-familia\/#breadcrumb\",\"itemListElement\":[{\"@type\":\"ListItem\",\"position\":1,\"name\":\"Portada\",\"item\":\"https:\/\/idiomasic.com\/noticias\/\"},{\"@type\":\"ListItem\",\"position\":2,\"name\":\"Experiencia educativa en la Granja Escuela con el Colegio Sagrada Familia\"}]},{\"@type\":\"WebSite\",\"@id\":\"https:\/\/idiomasic.com\/noticias\/#website\",\"url\":\"https:\/\/idiomasic.com\/noticias\/\",\"name\":\"Blog para Aprender Ingl\u00e9s \u2714\ufe0f IC Idiomas\",\"description\":\"Descubre c\u00f3mo mejorar tus habilidades con nuestro blog de ingl\u00e9s \ud83c\uddec\ud83c\udde7. Encuentra tips, art\u00edculos y consejos \u00fatiles\",\"publisher\":{\"@id\":\"https:\/\/idiomasic.com\/noticias\/#organization\"},\"potentialAction\":[{\"@type\":\"SearchAction\",\"target\":{\"@type\":\"EntryPoint\",\"urlTemplate\":\"https:\/\/idiomasic.com\/noticias\/?s={search_term_string}\"},\"query-input\":\"required name=search_term_string\"}],\"inLanguage\":\"es\"},{\"@type\":\"Organization\",\"@id\":\"https:\/\/idiomasic.com\/noticias\/#organization\",\"name\":\"IC Idiomas\",\"url\":\"https:\/\/idiomasic.com\/noticias\/\",\"logo\":{\"@type\":\"ImageObject\",\"inLanguage\":\"es\",\"@id\":\"https:\/\/idiomasic.com\/noticias\/#\/schema\/logo\/image\/\",\"url\":\"https:\/\/idiomasic.com\/noticias\/wp-content\/uploads\/2020\/09\/logo.png\",\"contentUrl\":\"https:\/\/idiomasic.com\/noticias\/wp-content\/uploads\/2020\/09\/logo.png\",\"width\":1121,\"height\":748,\"caption\":\"IC Idiomas\"},\"image\":{\"@id\":\"https:\/\/idiomasic.com\/noticias\/#\/schema\/logo\/image\/\"},\"sameAs\":[\"https:\/\/www.instagram.com\/icidiomas\",\"https:\/\/www.linkedin.com\/company\/icidiomas\",\"https:\/\/www.facebook.com\/icidiomas\/\",\"https:\/\/twitter.com\/ICidiomasMadrid\"]},{\"@type\":\"Person\",\"@id\":\"https:\/\/idiomasic.com\/noticias\/#\/schema\/person\/cf59bec660bc41a1ed3fabe0d8ed994a\",\"name\":\"IC Idiomas. Tu escuela de idiomas en Madrid\",\"image\":{\"@type\":\"ImageObject\",\"inLanguage\":\"es\",\"@id\":\"https:\/\/idiomasic.com\/noticias\/#\/schema\/person\/image\/\",\"url\":\"https:\/\/secure.gravatar.com\/avatar\/a3dc3f3c4a3acb7409a9c56f4b0d8b54?s=96&r=g\",\"contentUrl\":\"https:\/\/secure.gravatar.com\/avatar\/a3dc3f3c4a3acb7409a9c56f4b0d8b54?s=96&r=g\",\"caption\":\"IC Idiomas. Tu escuela de idiomas en Madrid\"},\"description\":\"\u2b50 Academia de ingl\u00e9s, franc\u00e9s, alem\u00e1n o espa\u00f1ol \u27a4 \u2709 ic.info@idiomasic.com | \u260e 910638426.\",\"sameAs\":[\"https:\/\/idiomasic.com\/noticias\",\"https:\/\/facebook.com\/icidiomas\",\"https:\/\/instagram.com\/icidiomas\",\"https:\/\/twitter.com\/icidiomasmadrid\"]}]}<\/script>\n<!-- \/ Yoast SEO plugin. -->","yoast_head_json":{"title":"Experiencia educativa en la Granja Escuela con el Colegio Sagrada Familia - | IC Idiomas","robots":{"index":"index","follow":"follow","max-snippet":"max-snippet:-1","max-image-preview":"max-image-preview:large","max-video-preview":"max-video-preview:-1"},"canonical":"https:\/\/idiomasic.com\/noticias\/experiencia-educativa-en-la-granja-escuela-con-el-colegio-sagrada-familia\/","og_locale":"es_ES","og_type":"article","og_title":"Experiencia educativa en la Granja Escuela con el Colegio Sagrada Familia - | IC Idiomas","og_description":"Del 12 al 14 de mayo de 2025, los alumnos y alumnas de 1\u00ba y 2\u00ba de Primaria del Colegio Sagrada Familia est\u00e1n disfrutando de una enriquecedora experiencia en nuestra Granja Escuela en \u00abLa Esgaravita\u00bb (Alcal\u00e1 de Henares). Durante estos d\u00edas, el alumnado participa en diversas actividades educativas y l\u00fadicas en un entorno natural, donde [&hellip;]","og_url":"https:\/\/idiomasic.com\/noticias\/experiencia-educativa-en-la-granja-escuela-con-el-colegio-sagrada-familia\/","og_site_name":"| IC Idiomas","article_publisher":"https:\/\/www.facebook.com\/icidiomas\/","article_author":"https:\/\/facebook.com\/icidiomas","article_published_time":"2025-05-12T15:35:30+00:00","article_modified_time":"2025-05-14T14:54:31+00:00","og_image":[{"width":1280,"height":720,"url":"https:\/\/idiomasic.com\/noticias\/wp-content\/uploads\/2025\/05\/Design.jpg","type":"image\/jpeg"}],"author":"IC Idiomas. Tu escuela de idiomas en Madrid","twitter_card":"summary_large_image","twitter_creator":"@icidiomasmadrid","twitter_site":"@ICidiomasMadrid","twitter_misc":{"Escrito por":"IC Idiomas. Tu escuela de idiomas en Madrid","Tiempo de lectura":"1 minuto"},"schema":{"@context":"https:\/\/schema.org","@graph":[{"@type":"Article","@id":"https:\/\/idiomasic.com\/noticias\/experiencia-educativa-en-la-granja-escuela-con-el-colegio-sagrada-familia\/#article","isPartOf":{"@id":"https:\/\/idiomasic.com\/noticias\/experiencia-educativa-en-la-granja-escuela-con-el-colegio-sagrada-familia\/"},"author":{"name":"IC Idiomas. Tu escuela de idiomas en Madrid","@id":"https:\/\/idiomasic.com\/noticias\/#\/schema\/person\/cf59bec660bc41a1ed3fabe0d8ed994a"},"headline":"Experiencia educativa en la Granja Escuela con el Colegio Sagrada Familia","datePublished":"2025-05-12T15:35:30+00:00","dateModified":"2025-05-14T14:54:31+00:00","mainEntityOfPage":{"@id":"https:\/\/idiomasic.com\/noticias\/experiencia-educativa-en-la-granja-escuela-con-el-colegio-sagrada-familia\/"},"wordCount":250,"commentCount":0,"publisher":{"@id":"https:\/\/idiomasic.com\/noticias\/#organization"},"keywords":["Colegio Sagrada Familia"],"articleSection":["Granja Escuela"],"inLanguage":"es","potentialAction":[{"@type":"CommentAction","name":"Comment","target":["https:\/\/idiomasic.com\/noticias\/experiencia-educativa-en-la-granja-escuela-con-el-colegio-sagrada-familia\/#respond"]}]},{"@type":"WebPage","@id":"https:\/\/idiomasic.com\/noticias\/experiencia-educativa-en-la-granja-escuela-con-el-colegio-sagrada-familia\/","url":"https:\/\/idiomasic.com\/noticias\/experiencia-educativa-en-la-granja-escuela-con-el-colegio-sagrada-familia\/","name":"Experiencia educativa en la Granja Escuela con el Colegio Sagrada Familia - | IC Idiomas","isPartOf":{"@id":"https:\/\/idiomasic.com\/noticias\/#website"},"datePublished":"2025-05-12T15:35:30+00:00","dateModified":"2025-05-14T14:54:31+00:00","breadcrumb":{"@id":"https:\/\/idiomasic.com\/noticias\/experiencia-educativa-en-la-granja-escuela-con-el-colegio-sagrada-familia\/#breadcrumb"},"inLanguage":"es","potentialAction":[{"@type":"ReadAction","target":["https:\/\/idiomasic.com\/noticias\/experiencia-educativa-en-la-granja-escuela-con-el-colegio-sagrada-familia\/"]}]},{"@type":"BreadcrumbList","@id":"https:\/\/idiomasic.com\/noticias\/experiencia-educativa-en-la-granja-escuela-con-el-colegio-sagrada-familia\/#breadcrumb","itemListElement":[{"@type":"ListItem","position":1,"name":"Portada","item":"https:\/\/idiomasic.com\/noticias\/"},{"@type":"ListItem","position":2,"name":"Experiencia educativa en la Granja Escuela con el Colegio Sagrada Familia"}]},{"@type":"WebSite","@id":"https:\/\/idiomasic.com\/noticias\/#website","url":"https:\/\/idiomasic.com\/noticias\/","name":"Blog para Aprender Ingl\u00e9s \u2714\ufe0f IC Idiomas","description":"Descubre c\u00f3mo mejorar tus habilidades con nuestro blog de ingl\u00e9s \ud83c\uddec\ud83c\udde7. Encuentra tips, art\u00edculos y consejos \u00fatiles","publisher":{"@id":"https:\/\/idiomasic.com\/noticias\/#organization"},"potentialAction":[{"@type":"SearchAction","target":{"@type":"EntryPoint","urlTemplate":"https:\/\/idiomasic.com\/noticias\/?s={search_term_string}"},"query-input":"required name=search_term_string"}],"inLanguage":"es"},{"@type":"Organization","@id":"https:\/\/idiomasic.com\/noticias\/#organization","name":"IC Idiomas","url":"https:\/\/idiomasic.com\/noticias\/","logo":{"@type":"ImageObject","inLanguage":"es","@id":"https:\/\/idiomasic.com\/noticias\/#\/schema\/logo\/image\/","url":"https:\/\/idiomasic.com\/noticias\/wp-content\/uploads\/2020\/09\/logo.png","contentUrl":"https:\/\/idiomasic.com\/noticias\/wp-content\/uploads\/2020\/09\/logo.png","width":1121,"height":748,"caption":"IC Idiomas"},"image":{"@id":"https:\/\/idiomasic.com\/noticias\/#\/schema\/logo\/image\/"},"sameAs":["https:\/\/www.instagram.com\/icidiomas","https:\/\/www.linkedin.com\/company\/icidiomas","https:\/\/www.facebook.com\/icidiomas\/","https:\/\/twitter.com\/ICidiomasMadrid"]},{"@type":"Person","@id":"https:\/\/idiomasic.com\/noticias\/#\/schema\/person\/cf59bec660bc41a1ed3fabe0d8ed994a","name":"IC Idiomas. Tu escuela de idiomas en Madrid","image":{"@type":"ImageObject","inLanguage":"es","@id":"https:\/\/idiomasic.com\/noticias\/#\/schema\/person\/image\/","url":"https:\/\/secure.gravatar.com\/avatar\/a3dc3f3c4a3acb7409a9c56f4b0d8b54?s=96&r=g","contentUrl":"https:\/\/secure.gravatar.com\/avatar\/a3dc3f3c4a3acb7409a9c56f4b0d8b54?s=96&r=g","caption":"IC Idiomas. Tu escuela de idiomas en Madrid"},"description":"\u2b50 Academia de ingl\u00e9s, franc\u00e9s, alem\u00e1n o espa\u00f1ol \u27a4 \u2709 ic.info@idiomasic.com | \u260e 910638426.","sameAs":["https:\/\/idiomasic.com\/noticias","https:\/\/facebook.com\/icidiomas","https:\/\/instagram.com\/icidiomas","https:\/\/twitter.com\/icidiomasmadrid"]}]}},"_links":{"self":[{"href":"https:\/\/idiomasic.com\/noticias\/wp-json\/wp\/v2\/posts\/3944"}],"collection":[{"href":"https:\/\/idiomasic.com\/noticias\/wp-json\/wp\/v2\/posts"}],"about":[{"href":"https:\/\/idiomasic.com\/noticias\/wp-json\/wp\/v2\/types\/post"}],"author":[{"embeddable":true,"href":"https:\/\/idiomasic.com\/noticias\/wp-json\/wp\/v2\/users\/1"}],"replies":[{"embeddable":true,"href":"https:\/\/idiomasic.com\/noticias\/wp-json\/wp\/v2\/comments?post=3944"}],"version-history":[{"count":14,"href":"https:\/\/idiomasic.com\/noticias\/wp-json\/wp\/v2\/posts\/3944\/revisions"}],"predecessor-version":[{"id":4078,"href":"https:\/\/idiomasic.com\/noticias\/wp-json\/wp\/v2\/posts\/3944\/revisions\/4078"}],"wp:featuredmedia":[{"embeddable":true,"href":"https:\/\/idiomasic.com\/noticias\/wp-json\/wp\/v2\/media\/3954"}],"wp:attachment":[{"href":"https:\/\/idiomasic.com\/noticias\/wp-json\/wp\/v2\/media?parent=3944"}],"wp:term":[{"taxonomy":"category","embeddable":true,"href":"https:\/\/idiomasic.com\/noticias\/wp-json\/wp\/v2\/categories?post=3944"},{"taxonomy":"post_tag","embeddable":true,"href":"https:\/\/idiomasic.com\/noticias\/wp-json\/wp\/v2\/tags?post=3944"}],"curies":[{"name":"wp","href":"https:\/\/api.w.org\/{rel}","templated":true}]}}